[{"@context":"https:\/\/schema.org\/","@type":"Article","@id":"https:\/\/www.wanabi.cz\/cestna-zena-hana-marvanova\/#Article","mainEntityOfPage":"https:\/\/www.wanabi.cz\/cestna-zena-hana-marvanova\/","headline":"\u010cestn\u00e1 \u017eena Hana Marvanov\u00e1","name":"\u010cestn\u00e1 \u017eena Hana Marvanov\u00e1","description":"\u017divotopis Hany Marvanov\u00e9 je v\u00edce ne\u017e zaj\u00edmav\u00fd. \u010cesk\u00e1 pr\u00e1vni\u010dka a politi\u010dka, kter\u00e1 se u\u017e p\u0159ed rokem 1989 anga\u017eovala v disentu. Narodila se v roce 1962. Po absolvov\u00e1n\u00ed st\u0159edn\u00ed \u0161koly zapo\u010dala studium na Pr\u00e1vnick\u00e9 fakult\u011b Univerzity Karlovy v Praze. Kterou \u00fasp\u011b\u0161n\u011b absolvovala. 21. srpna 1988 byla poprv\u00e9 zat\u010dena. Za \u00fa\u010dast na demonstraci proti okupaci na\u0161\u00ed zem\u011b...","datePublished":"2022-04-22","dateModified":"2023-05-05","author":{"@type":"Person","@id":"https:\/\/www.wanabi.cz\/author\/#Person","name":"","url":"https:\/\/www.wanabi.cz\/author\/","identifier":1,"image":{"@type":"ImageObject","@id":"https:\/\/secure.gravatar.com\/avatar\/e32c915fa5b274a4469e3ef5c1f9837e76577a60613858c5c8a74a3de98e33bc?s=96&d=mm&r=g","url":"https:\/\/secure.gravatar.com\/avatar\/e32c915fa5b274a4469e3ef5c1f9837e76577a60613858c5c8a74a3de98e33bc?s=96&d=mm&r=g","height":96,"width":96}},"publisher":{"@type":"Organization","name":"wanabi.cz","logo":{"@type":"ImageObject","@id":"\/logo.png","url":"\/logo.png","width":600,"height":60}},"image":{"@type":"ImageObject","@id":"https:\/\/www.wanabi.cz\/wp-content\/uploads\/volebn%C3%AD%20l%C3%ADstek_1.jpg","url":"https:\/\/www.wanabi.cz\/wp-content\/uploads\/volebn%C3%AD%20l%C3%ADstek_1.jpg","height":0,"width":0},"url":"https:\/\/www.wanabi.cz\/cestna-zena-hana-marvanova\/","about":["\u017dena"],"wordCount":410,"articleBody":"\u017divotopis Hany Marvanov\u00e9 je v\u00edce ne\u017e zaj\u00edmav\u00fd. \u010cesk\u00e1 pr\u00e1vni\u010dka a politi\u010dka, kter\u00e1 se u\u017e p\u0159ed rokem 1989 anga\u017eovala v disentu. Narodila se v roce 1962. Po absolvov\u00e1n\u00ed st\u0159edn\u00ed \u0161koly zapo\u010dala studium na Pr\u00e1vnick\u00e9 fakult\u011b Univerzity Karlovy v Praze. Kterou \u00fasp\u011b\u0161n\u011b absolvovala. 21. srpna 1988 byla poprv\u00e9 zat\u010dena. Za \u00fa\u010dast na demonstraci proti okupaci na\u0161\u00ed zem\u011b v roce 1968. V b\u0159eznu roku 1989 byla odsouzena k podm\u00edn\u011bn\u00e9mu deseti m\u011bs\u00ed\u010dn\u00edho\u00a0trestu odn\u011bt\u00ed svobody.\u00a0V t\u00e9 dob\u011b je u\u017e zapojen\u00e1 do vznikaj\u00edc\u00edho Nez\u00e1visl\u00e9ho m\u00edrov\u00e9ho sdru\u017een\u00ed. Politick\u00e1 kari\u00e9ra t\u00e9to odv\u00e1\u017en\u00e9 \u017eeny zapo\u010dala po listopadu 1989. B\u011bhem sametov\u00e9 revoluce pat\u0159ila mezi zakladatele Ob\u010dansk\u00e9ho f\u00f3ra. Kooptac\u00ed do \u010cNR se stala poslankyn\u00ed\u00a0\u010cesk\u00e9 n\u00e1rodn\u00ed rady. Po rozpadu OF p\u0159ech\u00e1z\u00ed do Ob\u010dansk\u00e9 demokratick\u00e9 strany. Za kterou obh\u00e1j\u00ed mand\u00e1t\u00a0i do sn\u011bmovny.Po\u00a0rozpadu ODS, d\u00edky finan\u010dn\u00edm skand\u00e1l\u016fm, z n\u00ed v roce 1998 vystupuje. Spolu s dal\u0161\u00edmi \u010dleny zakl\u00e1d\u00e1 novou stranu &#8211; Unii svobody\u00a0 Vz\u00e1p\u011bt\u00ed se objevuje ve funkci m\u00edstop\u0159edsedkyn\u011b jej\u00edho poslaneck\u00e9ho klubu. Ve\u0159ejn\u011b \u010dinn\u00e1, coby advok\u00e1tka, z\u016fstala i po odchodu z vrcholn\u00e9 politiky. Mate\u0159stv\u00ed ji na n\u011bjak\u00fd \u010das p\u0159ipoutalo k v\u00fdchov\u011b d\u011bt\u00ed, ale i v tomto \u010dase je signat\u00e1\u0159kou iniciativy Ve\u0159ejnost proti korupci. Rovn\u011b\u017e je aktivistkou v platform\u011b Vra\u0165te n\u00e1m st\u00e1t. Sv\u00fdmi nesmi\u0159iteln\u00fdmi postoji se z odborn\u00e9 pr\u00e1vnick\u00e9\u00a0pozice sna\u017e\u00ed zastavit korupci v na\u0161\u00ed republice. Svoji aktivitou a fyzickou p\u0159\u00edtomnosti podpo\u0159ila st\u00e1vkuj\u00edc\u00ed zam\u011bstnance \u010cesk\u00e9 televize. V roce 2001 se stala p\u0159edsedkyn\u00ed Unie, kter\u00e1 u\u017e v t\u00e9to dob\u011b je sou\u010d\u00e1st\u00ed sdru\u017een\u00ed stran \u010cty\u0159koalice. Do sn\u011bmovny byla zvolena i v roce 2002.Hana Kordov\u00e1 Marvanov\u00e1 je vdan\u00e1. Matkou t\u0159\u00ed syn\u016f. Jej\u00ed mu\u017e, Roman Korda, zakl\u00e1dal Divad\u00e9lko Romaneto a vyd\u00e1v\u00e1 knihy pro d\u011bti. Od roku 2003, kdy ode\u0161la z\u00a0vrcholn\u00e9 politiky, p\u016fsob\u00ed v p\u016fvodn\u00ed profesi advok\u00e1tky. Mand\u00e1t zastupitelky se j\u00ed poda\u0159ilo v roce 2018 s nejvy\u0161\u0161\u00edm po\u010dtem hlas\u016f\u00a0 obh\u00e1jit. V\u00a0r\u00e1mci kandid\u00e1tn\u00ed listiny Spojen\u00e9 s\u00edly pro Prahu. N\u00e1vrat do nejvy\u0161\u0161\u00ed politiky potvrzuje v leto\u0161n\u00edm roce kandid\u00e1tkou ve volb\u00e1ch do Sen\u00e1tu P\u010cR. V\u00a0r\u00e1mci koalice Spolu.                                                                                                                                                                                                                                                                                                                                                                                                "},{"@context":"https:\/\/schema.org\/","@type":"BreadcrumbList","itemListElement":[{"@type":"ListItem","position":1,"name":"\u010cestn\u00e1 \u017eena Hana Marvanov\u00e1","item":"https:\/\/www.wanabi.cz\/cestna-zena-hana-marvanova\/#breadcrumbitem"}]}]