[{"@context":"https:\/\/schema.org\/","@type":"Article","@id":"https:\/\/www.wanabi.cz\/jsou-elektricka-auta-opravdu-ekologicka\/#Article","mainEntityOfPage":"https:\/\/www.wanabi.cz\/jsou-elektricka-auta-opravdu-ekologicka\/","headline":"Jsou elektrick\u00e1 auta opravdu ekologick\u00e1?","name":"Jsou elektrick\u00e1 auta opravdu ekologick\u00e1?","description":"V\u00a0posledn\u00edch letech roste z\u00e1jem i \u0161irok\u00e9 ve\u0159ejnosti o ekologii. Dokonce i vl\u00e1dn\u00ed p\u0159edstavitel\u00e9 si ji\u017e za\u010d\u00ednaj\u00ed uv\u011bdomovat, \u017ee glob\u00e1ln\u00ed zm\u011bny klimatu jsou probl\u00e9mem, jeho\u017e \u0159e\u0161en\u00ed ji\u017e nelze d\u00e9le odkl\u00e1dat. I tito proto spou\u0161t\u00ed nejr\u016fzn\u011bj\u0161\u00ed osv\u011btov\u00e9 kampan\u011b a sna\u017e\u00ed se p\u0159ij\u00edmat opat\u0159en\u00ed, kter\u00e1 maj\u00ed jeho n\u00e1sledky zm\u00edrnit. A jedn\u00edm z\u00a0nich je i prosazov\u00e1n\u00ed elektrick\u00fdch automobil\u016f na...","datePublished":"2024-05-30","dateModified":"2024-05-30","author":{"@type":"Person","@id":"https:\/\/www.wanabi.cz\/author\/#Person","name":"","url":"https:\/\/www.wanabi.cz\/author\/","identifier":1,"image":{"@type":"ImageObject","@id":"https:\/\/secure.gravatar.com\/avatar\/e32c915fa5b274a4469e3ef5c1f9837e76577a60613858c5c8a74a3de98e33bc?s=96&d=mm&r=g","url":"https:\/\/secure.gravatar.com\/avatar\/e32c915fa5b274a4469e3ef5c1f9837e76577a60613858c5c8a74a3de98e33bc?s=96&d=mm&r=g","height":96,"width":96}},"publisher":{"@type":"Organization","name":"wanabi.cz","logo":{"@type":"ImageObject","@id":"\/logo.png","url":"\/logo.png","width":600,"height":60}},"image":{"@type":"ImageObject","@id":"https:\/\/www.wanabi.cz\/wp-content\/uploads\/auto21_10_10_6.jpg","url":"https:\/\/www.wanabi.cz\/wp-content\/uploads\/auto21_10_10_6.jpg","height":0,"width":0},"url":"https:\/\/www.wanabi.cz\/jsou-elektricka-auta-opravdu-ekologicka\/","about":["Moto"],"wordCount":426,"articleBody":"V\u00a0posledn\u00edch letech roste z\u00e1jem i \u0161irok\u00e9 ve\u0159ejnosti o ekologii. Dokonce i vl\u00e1dn\u00ed p\u0159edstavitel\u00e9 si ji\u017e za\u010d\u00ednaj\u00ed uv\u011bdomovat, \u017ee glob\u00e1ln\u00ed zm\u011bny klimatu jsou probl\u00e9mem, jeho\u017e \u0159e\u0161en\u00ed ji\u017e nelze d\u00e9le odkl\u00e1dat. I tito proto spou\u0161t\u00ed nejr\u016fzn\u011bj\u0161\u00ed osv\u011btov\u00e9 kampan\u011b a sna\u017e\u00ed se p\u0159ij\u00edmat opat\u0159en\u00ed, kter\u00e1 maj\u00ed jeho n\u00e1sledky zm\u00edrnit. A jedn\u00edm z\u00a0nich je i prosazov\u00e1n\u00ed elektrick\u00fdch automobil\u016f na \u00fakor t\u011bch se spalovac\u00edm motorem.\u00a0Mnoz\u00ed se v\u0161ak ptaj\u00ed, zda je pr\u00e1v\u011b toto ten nejlep\u0161\u00ed krok. Jedn\u00e1 se o pom\u011brn\u011b novou, zat\u00edm ne zcela vychytanou technologii, o kter\u00e9 nav\u00edc nejsou mnoz\u00ed p\u0159esv\u011bd\u010deni, \u017ee bude m\u00edt takov\u00fd efekt, jak\u00fd je zam\u00fd\u0161len. Tvrd\u00ed se toti\u017e, \u017ee nejsou ani zdaleka tak ekologick\u00e9, jak se tvrd\u00ed.\u00a0Nejv\u011bt\u0161\u00edm probl\u00e9mem jsou zde baterie. Ty jsou toti\u017e z\u00a0lithia, jeho\u017e t\u011b\u017eba a ani likvidace nejsou zrovna p\u0159\u00e1telsk\u00e9 \u017eivotn\u00edmu prost\u0159ed\u00ed. Nehled\u011b na fakt, \u017ee se nej\u010dast\u011bji t\u011b\u017e\u00ed v\u00a0zem\u00edch t\u0159et\u00edho sv\u011bta, kde pr\u00e1va zam\u011bstnanc\u016f a jejich pracovn\u00ed podm\u00ednky nejsou ani zdaleka takov\u00e9, jak jsme zvykl\u00ed nap\u0159\u00edklad u n\u00e1s. Z\u00a0tohoto pohledu jsou tedy toxi\u010dt\u011bj\u0161\u00ed, ne\u017e ta klasick\u00e1.\u00a0\u00a0Ukazuje se v\u0161ak, \u017ee to je pouze \u010d\u00e1st pravdy. Jist\u011b, t\u011b\u017eba lithia nen\u00ed ani zdaleka ekologick\u00e1, ov\u0161em nen\u00ed jej pot\u0159eba tolik, jak by se mohlo myslet. Baterie je toti\u017e mo\u017en\u00e9 zrecyklovat a znovu pou\u017e\u00edt. Nen\u00ed jich tedy pot\u0159eba tolik, kolik by se mohlo zd\u00e1t, a t\u00edm je i men\u0161\u00ed p\u0159edpokl\u00e1dan\u00fd ekologick\u00fd dopad.\u00a0\u00a0D\u00e1le je tu m\u00edstn\u00ed zne\u010di\u0161t\u011bn\u00ed ovzdu\u0161\u00ed, zvl\u00e1\u0161t\u011b pak ve m\u011bstech, kter\u00e9 elektromobily jasn\u011b sni\u017euj\u00ed. To m\u00e1 mnohem v\u011bt\u0161\u00ed vliv na na\u0161e zdrav\u00ed, ne\u017e by se mohlo zd\u00e1t. Statistiky ukazuj\u00ed, \u017ee \u00famrt\u00ed v\u00a0d\u016fsledku tohoto typu zne\u010di\u0161t\u011bn\u00ed ovzdu\u0161\u00ed je u n\u00e1s v\u00edc ne\u017e dost. Nen\u00ed zde tedy jen dlouhodob\u011bj\u0161\u00ed vliv na klima, ale tak\u00e9 p\u0159\u00edm\u00fd a jasn\u011b viditeln\u00fd dopad na obyvatele.\u00a0Ukazuje se tedy, \u017ee a\u010dkoliv rozhodn\u011b nejde o dokonal\u00e9 \u0159e\u0161en\u00ed, je to rozhodn\u011b lep\u0161\u00ed zp\u016fsob soukrom\u00e9 dopravy, ne\u017e auta se spalovac\u00edm motorem. Jist\u011b, nejlep\u0161\u00ed by bylo podporov\u00e1n\u00ed ve\u0159ejn\u00e9 hromadn\u00e9 dopravy, a to jak finan\u010dn\u011b, tak propaga\u010dn\u011b. Na n\u011bco takov\u00e9ho je v\u0161ak u n\u00e1s a\u017e p\u0159\u00edli\u0161 velk\u00e1 automobilov\u00e1 lobby.                                                                                                                                                                                                                                                                                                                                                                                                "},{"@context":"https:\/\/schema.org\/","@type":"BreadcrumbList","itemListElement":[{"@type":"ListItem","position":1,"name":"Jsou elektrick\u00e1 auta opravdu ekologick\u00e1?","item":"https:\/\/www.wanabi.cz\/jsou-elektricka-auta-opravdu-ekologicka\/#breadcrumbitem"}]}]