[{"@context":"https:\/\/schema.org\/","@type":"Article","@id":"https:\/\/www.wanabi.cz\/kdyz-ma-dite-radeji-prarodice-nez-rodice\/#Article","mainEntityOfPage":"https:\/\/www.wanabi.cz\/kdyz-ma-dite-radeji-prarodice-nez-rodice\/","headline":"Kdy\u017e m\u00e1 d\u00edt\u011b rad\u011bji prarodi\u010de ne\u017e rodi\u010de&#8230;","name":"Kdy\u017e m\u00e1 d\u00edt\u011b rad\u011bji prarodi\u010de ne\u017e rodi\u010de&#8230;","description":"V ka\u017ed\u00e9 rodin\u011b se m\u016f\u017ee st\u00e1t to, \u017ee bude m\u00edt d\u00edt\u011b mnohem rad\u011bji sv\u00e9 prarodi\u010de ne\u017e prarodi\u010de a to proto, \u017ee s nimi m\u00e1 mnohem lep\u0161\u00ed vztah.\u00a0Je opravdu mnoho rodin, kde je to tak, \u017ee si d\u011bti mnohem v\u00edce rozum\u00ed se sv\u00fdmi prarodi\u010di ne\u017e rodi\u010di a to proto, \u017ee s nimi mnohem l\u00e9pe vych\u00e1zej\u00ed a...","datePublished":"2022-10-28","dateModified":"2023-05-05","author":{"@type":"Person","@id":"https:\/\/www.wanabi.cz\/author\/#Person","name":"","url":"https:\/\/www.wanabi.cz\/author\/","identifier":1,"image":{"@type":"ImageObject","@id":"https:\/\/secure.gravatar.com\/avatar\/e32c915fa5b274a4469e3ef5c1f9837e76577a60613858c5c8a74a3de98e33bc?s=96&d=mm&r=g","url":"https:\/\/secure.gravatar.com\/avatar\/e32c915fa5b274a4469e3ef5c1f9837e76577a60613858c5c8a74a3de98e33bc?s=96&d=mm&r=g","height":96,"width":96}},"publisher":{"@type":"Organization","name":"wanabi.cz","logo":{"@type":"ImageObject","@id":"\/logo.png","url":"\/logo.png","width":600,"height":60}},"image":{"@type":"ImageObject","@id":"https:\/\/www.wanabi.cz\/wp-content\/uploads\/dit_2.JPG","url":"https:\/\/www.wanabi.cz\/wp-content\/uploads\/dit_2.JPG","height":0,"width":0},"url":"https:\/\/www.wanabi.cz\/kdyz-ma-dite-radeji-prarodice-nez-rodice\/","about":["Vztahy"],"wordCount":467,"articleBody":"V ka\u017ed\u00e9 rodin\u011b se m\u016f\u017ee st\u00e1t to, \u017ee bude m\u00edt d\u00edt\u011b mnohem rad\u011bji sv\u00e9 prarodi\u010de ne\u017e prarodi\u010de a to proto, \u017ee s nimi m\u00e1 mnohem lep\u0161\u00ed vztah.\u00a0Je opravdu mnoho rodin, kde je to tak, \u017ee si d\u011bti mnohem v\u00edce rozum\u00ed se sv\u00fdmi prarodi\u010di ne\u017e rodi\u010di a to proto, \u017ee s nimi mnohem l\u00e9pe vych\u00e1zej\u00ed a nen\u00ed takov\u00fd probl\u00e9m se s nimi na cel\u00e9 \u0159ad\u011b v\u011bc\u00ed bez probl\u00e9m\u016f domluvit.\u00a0Na jednu stranu je ur\u010dit\u011b velk\u00e1 \u0161koda, \u017ee si d\u00edt\u011b a jeho rodi\u010de p\u0159\u00edli\u0161 nerozum\u00ed, ale na druhou stranu je dob\u0159e to, \u017ee aspo\u0148 n\u011bkde dan\u00e9 d\u00edt\u011b na\u0161lo podporu a to, i kdy\u017e se jedn\u00e1 o prarodi\u010de.Je velmi d\u016fle\u017eit\u00e9, aby d\u00edt\u011b m\u011blo alespo\u0148 n\u011bkde n\u011bjakou podporu a n\u011bkoho, s k\u00fdm si m\u016f\u017ee popov\u00eddat, kdy\u017e u\u017e to s rodi\u010di nejde. Mnohdy jde o to, \u017ee rodi\u010de mohou m\u00edt \u00fapln\u011b jin\u00e9 z\u00e1jmy, ne\u017e dan\u00e9 d\u00edt\u011b a nejsou schopni si alespo\u0148 na chv\u00edli na dan\u00e9 d\u00edt\u011b n\u011bjak\u00fd ten \u010das naj\u00edt. Prarodi\u010de ale s n\u011b\u010d\u00edm takov\u00fdm probl\u00e9m nemaj\u00ed a to i p\u0159esto, \u017ee je\u0161t\u011b klidn\u011b mohou chodit i do pr\u00e1ce.Na jednu stranu to m\u016f\u017ee n\u011bkomu p\u0159ipadat zvl\u00e1\u0161tn\u00ed, \u017ee prarodi\u010de jsou ochotni si naj\u00edt \u010das na sv\u00e9 vnou\u010de a rodi\u010de nikoliv. Bohu\u017eel v dne\u0161n\u00edm sv\u011bt\u011b to tak chod\u00ed. Dokonce je to n\u011bkdy i takov\u00e9, \u017ee se dan\u00e9 vnou\u010de rozhodne se ke sv\u00fdm prarodi\u010d\u016fm nast\u011bhovat, proto\u017ee v\u011b\u0159\u00ed, \u017ee se zde bude m\u00edt daleko l\u00e9pe, ne\u017e kdekoliv jinde. Pokud s t\u00edm prarodi\u010de souhlas\u00ed, mnohdy to opravdu nen\u00ed \u017e\u00e1dn\u00fd probl\u00e9m.Kolikr\u00e1t to pot\u00e9 vypad\u00e1 tak, \u017ee dan\u00e9 d\u00edt\u011b u\u017e s rodi\u010di nen\u00ed v kontaktu v\u016fbec, proto\u017ee nem\u00e1 d\u016fvod. Dan\u00ed rodi\u010de k tomu klidn\u011b mohou p\u0159istoupit tak, \u017ee se dan\u00e9mu d\u00edt\u011bti ani nebudou cht\u00edt ozvat, proto\u017ee si s n\u00edm stejn\u011b nemaj\u00ed co \u0159\u00edct.\u00a0Bohu\u017eel lid\u00e9 jsou dneska r\u016fzn\u00ed a n\u011bco takov\u00e9ho se skute\u010dn\u011b st\u00e1v\u00e1. Je pochopiteln\u00e9, \u017ee n\u011bkter\u00fdm d\u011btem m\u016f\u017ee b\u00fdt l\u00edto, \u017ee s rodi\u010di nemaj\u00ed tak dobr\u00e9 vztahy, jak by bylo ide\u00e1ln\u00ed, ale jen t\u011b\u017eko s t\u00edm dan\u00fd \u010dlov\u011bk n\u011bco svede, pokud nechce i ten druh\u00fd.\u00a0Pokud m\u00e1 dan\u00e9 d\u00edt\u011b prarodi\u010de, aspo\u0148 na n\u011b je ur\u010dit\u011b mo\u017en\u00e9 se obr\u00e1tit, proto\u017ee ti nejsou takov\u00ed, \u017ee by \u010dlov\u011bka jen tak zavrhli.                                                                                                                                                                                                                                                                                                                                                                                                "},{"@context":"https:\/\/schema.org\/","@type":"BreadcrumbList","itemListElement":[{"@type":"ListItem","position":1,"name":"Kdy\u017e m\u00e1 d\u00edt\u011b rad\u011bji prarodi\u010de ne\u017e rodi\u010de&#8230;","item":"https:\/\/www.wanabi.cz\/kdyz-ma-dite-radeji-prarodice-nez-rodice\/#breadcrumbitem"}]}]