[{"@context":"https:\/\/schema.org\/","@type":"Article","@id":"https:\/\/www.wanabi.cz\/krasa-je-vsude\/#Article","mainEntityOfPage":"https:\/\/www.wanabi.cz\/krasa-je-vsude\/","headline":"Kr\u00e1sa je v\u0161ude","name":"Kr\u00e1sa je v\u0161ude","description":"Ka\u017ed\u00fd \u010dlov\u011bk samoz\u0159ejm\u011b kr\u00e1su vn\u00edm\u00e1 \u00fapln\u011b jinak. A kdybyste se t\u0159eba zeptali m\u00e9 babi\u010dky a m\u00e9 m\u00e1my, co pro n\u011b znamen\u00e1 kr\u00e1sa, tak by v\u00e1m samoz\u0159ejm\u011b ka\u017ed\u00e1 odpov\u011bd\u011bla \u00fapln\u011b n\u011bco jin\u00e9ho. Ale j\u00e1 se tomu zase nediv\u00edm, proto\u017ee opravdu ka\u017ed\u00fd \u010dlov\u011bk vn\u00edm\u00e1 kr\u00e1su naprosto jinak. A t\u0159eba kdy\u017e vezmu nap\u0159\u00edklad n\u011bjak\u00e9 here\u010dky nebo modelky, tak...","datePublished":"2022-10-24","dateModified":"2023-05-05","author":{"@type":"Person","@id":"https:\/\/www.wanabi.cz\/author\/#Person","name":"","url":"https:\/\/www.wanabi.cz\/author\/","identifier":1,"image":{"@type":"ImageObject","@id":"https:\/\/secure.gravatar.com\/avatar\/e32c915fa5b274a4469e3ef5c1f9837e76577a60613858c5c8a74a3de98e33bc?s=96&d=mm&r=g","url":"https:\/\/secure.gravatar.com\/avatar\/e32c915fa5b274a4469e3ef5c1f9837e76577a60613858c5c8a74a3de98e33bc?s=96&d=mm&r=g","height":96,"width":96}},"publisher":{"@type":"Organization","name":"wanabi.cz","logo":{"@type":"ImageObject","@id":"\/logo.png","url":"\/logo.png","width":600,"height":60}},"image":{"@type":"ImageObject","@id":"https:\/\/www.wanabi.cz\/wp-content\/uploads\/make-up-3408989_960_720.jpg","url":"https:\/\/www.wanabi.cz\/wp-content\/uploads\/make-up-3408989_960_720.jpg","height":0,"width":0},"url":"https:\/\/www.wanabi.cz\/krasa-je-vsude\/","about":["Kr\u00e1sa"],"wordCount":452,"articleBody":"Ka\u017ed\u00fd \u010dlov\u011bk samoz\u0159ejm\u011b kr\u00e1su vn\u00edm\u00e1 \u00fapln\u011b jinak. A kdybyste se t\u0159eba zeptali m\u00e9 babi\u010dky a m\u00e9 m\u00e1my, co pro n\u011b znamen\u00e1 kr\u00e1sa, tak by v\u00e1m samoz\u0159ejm\u011b ka\u017ed\u00e1 odpov\u011bd\u011bla \u00fapln\u011b n\u011bco jin\u00e9ho. Ale j\u00e1 se tomu zase nediv\u00edm, proto\u017ee opravdu ka\u017ed\u00fd \u010dlov\u011bk vn\u00edm\u00e1 kr\u00e1su naprosto jinak. A t\u0159eba kdy\u017e vezmu nap\u0159\u00edklad n\u011bjak\u00e9 here\u010dky nebo modelky, tak samoz\u0159ejm\u011b o svou kr\u00e1su budou db\u00e1t t\u0159eba desetkr\u00e1t v\u00edce ne\u017e t\u0159eba \u017eena, kter\u00e1 je v dom\u00e1cnosti a nem\u00e1m na to ani pen\u00edze ani n\u00e1ladu. A n\u011bkoho to dokonce ani nebav\u00ed. Kolikr\u00e1t jsem se taky ptala t\u0159eba m\u00e9ho mlad\u0161\u00edho bratra, co pro m\u011b znamen\u00e1 kr\u00e1sa. A proto\u017ee on r\u00e1d maluje obr\u00e1zky aut, tak mi \u0159ekl, \u017ee pro n\u011bj jedin\u00e1 kr\u00e1sa je moment\u00e1ln\u011b auto. J\u00e1 se ani nediv\u00edm, proto\u017ee m\u00e9mu mlad\u0161\u00edmu bratrovi je teprve t\u0159in\u00e1ct let, tak\u017ee se asi nebude zaj\u00edmat o to, jak vypad\u00e1 anebo se nebude taky zaj\u00edmat o kr\u00e1sn\u00e9 \u017eeny a nebo d\u00edvky. Jsem taky samoz\u0159ejm\u011b na sv\u00e9ho bratra hodn\u011b moc py\u0161n\u00e1, \u017ee se v\u011bnuje um\u011bn\u00ed. Proto\u017ee mi \u0159ekn\u011bte, jak\u00fd kluk ve t\u0159in\u00e1cti letech se budeme v\u011bnovat n\u011bjak\u00e9 malb\u011b automobil\u016f? A mysl\u00edm si, \u017ee bratr tohle asi moc dob\u0159e v\u00ed. A v um\u011bn\u00ed je kr\u00e1sa a taky s\u00edla. A j\u00e1 si trouf\u00e1m \u0159\u00edct, \u017ee m\u016fj bratr jednou t\u0159eba bude opravdu moc \u0161ikovn\u00fd a bude taky v\u00fdznamn\u00fd mal\u00ed\u0159 automobil\u016f. Zn\u00e1m u\u017e dokonce jednu d\u00edvku, kter\u00e1 tak\u00e9 se v\u011bnuje malb\u011b auta a mysl\u00ed si, \u017ee tohle je um\u011bn\u00ed a kr\u00e1sa. Je to tohle um\u011bn\u00ed,\u00a0proto\u017ee\u00a0opravdu hodn\u011b se mi to l\u00edb\u00ed, tak tady alespo\u0148 vid\u00edte, \u017ee ka\u017ed\u00fd \u010dlov\u011bk vn\u00edm\u00e1 kr\u00e1su \u00fapln\u011b jinak. A taky odli\u0161n\u011b. A na to nen\u00ed v\u016fbec nic \u0161patn\u00e9ho, proto\u017ee kr\u00e1sa je \u00fapln\u011b v\u0161ude, kam se pod\u00edv\u00e1te, ani o tom nemus\u00edte v\u011bd\u011bt. Jsem\u00a0v\u00e1\u017en\u011b\u00a0r\u00e1da, \u017ee ka\u017ed\u00fd \u010dlov\u011bk vn\u00edm\u00e1 kr\u00e1su jinak,\u00a0proto\u017ee\u00a0si\u00a0vemte, co by to bylo za monot\u00f3nn\u00ed sv\u011bt, kdyby ka\u017ed\u00fd m\u011bl r\u00e1d jenom jednu jedinou v\u011bc? To by bylo t\u00e9 kr\u00e1sy potom moc m\u00e1lo. A j\u00e1 se taky o kr\u00e1su zaj\u00edm\u00e1m, a to z mnoha ohled\u016f. Jsem toti\u017e make-up artistka.                                                                                                                                                                                                                                                                                                                                                                                                "},{"@context":"https:\/\/schema.org\/","@type":"BreadcrumbList","itemListElement":[{"@type":"ListItem","position":1,"name":"Kr\u00e1sa je v\u0161ude","item":"https:\/\/www.wanabi.cz\/krasa-je-vsude\/#breadcrumbitem"}]}]