[{"@context":"https:\/\/schema.org\/","@type":"Article","@id":"https:\/\/www.wanabi.cz\/leto-raj-festivalu\/#Article","mainEntityOfPage":"https:\/\/www.wanabi.cz\/leto-raj-festivalu\/","headline":"L\u00e9to \u2013 r\u00e1j festival\u016f","name":"L\u00e9to \u2013 r\u00e1j festival\u016f","description":"L\u00e9to ka\u017ed\u00fd miluje. Krom\u011b toho, \u017ee se jedn\u00e1 o obdob\u00ed, kdy jezd\u00edme na dovolen\u00e9 a v\u00fdlety, mnoz\u00ed z n\u00e1s nav\u0161t\u011bvuj\u00ed tak\u00e9 festivaly. Festival, to je opravdu mnoho kultury pod hv\u011bzdn\u00fdm nebem. Spousta celebrit na jednom m\u00edst\u011b. To je p\u0159ece \u00fa\u017easn\u00e9. Miluj\u00ed je p\u0159edev\u0161\u00edm mlad\u00ed lid\u00e9 a nev\u00e1haj\u00ed p\u0159ijet i z druh\u00e9ho konce republiky. \u010casto si...","datePublished":"2025-03-02","dateModified":"2023-05-05","author":{"@type":"Person","@id":"https:\/\/www.wanabi.cz\/author\/#Person","name":"","url":"https:\/\/www.wanabi.cz\/author\/","identifier":1,"image":{"@type":"ImageObject","@id":"https:\/\/secure.gravatar.com\/avatar\/e32c915fa5b274a4469e3ef5c1f9837e76577a60613858c5c8a74a3de98e33bc?s=96&d=mm&r=g","url":"https:\/\/secure.gravatar.com\/avatar\/e32c915fa5b274a4469e3ef5c1f9837e76577a60613858c5c8a74a3de98e33bc?s=96&d=mm&r=g","height":96,"width":96}},"publisher":{"@type":"Organization","name":"wanabi.cz","logo":{"@type":"ImageObject","@id":"\/logo.png","url":"\/logo.png","width":600,"height":60}},"image":{"@type":"ImageObject","@id":"https:\/\/www.wanabi.cz\/wp-content\/uploads\/img_a289807_w2220_t1501311060.jpg","url":"https:\/\/www.wanabi.cz\/wp-content\/uploads\/img_a289807_w2220_t1501311060.jpg","height":0,"width":0},"url":"https:\/\/www.wanabi.cz\/leto-raj-festivalu\/","wordCount":380,"articleBody":" L\u00e9to ka\u017ed\u00fd miluje. Krom\u011b toho, \u017ee se jedn\u00e1 o obdob\u00ed, kdy jezd\u00edme na dovolen\u00e9 a v\u00fdlety, mnoz\u00ed z n\u00e1s nav\u0161t\u011bvuj\u00ed tak\u00e9 festivaly. Festival, to je opravdu mnoho kultury pod hv\u011bzdn\u00fdm nebem. Spousta celebrit na jednom m\u00edst\u011b. To je p\u0159ece \u00fa\u017easn\u00e9. Miluj\u00ed je p\u0159edev\u0161\u00edm mlad\u00ed lid\u00e9 a nev\u00e1haj\u00ed p\u0159ijet i z druh\u00e9ho konce republiky. \u010casto si na festival \u0161et\u0159\u00ed dlouh\u00e9 m\u011bs\u00edce dop\u0159edu. Festivalov\u00e1 subkultura je velmi zaj\u00edmav\u00e1 a specifick\u00e1, samoz\u0159ejm\u011b s ohledem s dan\u00fdm \u017e\u00e1nrem. Setk\u00e1n\u00ed s hv\u011bzdami zn\u00e1m\u00fdmi i m\u00e9n\u011b zn\u00e1m\u00fdmi je velmi zaj\u00edmav\u00e9, proto\u017ee je mnohem srde\u010dn\u011bj\u0161\u00ed a osobn\u011bj\u0161\u00ed ne\u017e v r\u00e1mci b\u011b\u017en\u00fdch koncert\u016f.  Jedno ov\u0161em nelze festival\u016fm up\u0159\u00edt. Jsouobvykle velmi drah\u00e9 a pro celou \u0159adu lid\u00ed nedostupn\u00e9. Nap\u0159\u00edklad mnoz\u00ed studenti nebo lid\u00e9 s n\u00edzk\u00fdmi p\u0159\u00edjmy si je skute\u010dn\u011b nemohou dovolit. Cel\u00e1 \u0159ada po\u0159adatel\u016f to nijak ne\u0159e\u0161\u00ed. N\u011bkte\u0159\u00ed lid\u00e9 prost\u011b pen\u00edze maj\u00ed, n\u011bkte\u0159\u00ed ne. Po\u0159adatel\u00e9 kulturn\u00edch akc\u00ed jsou od toho, aby zprost\u0159edkov\u00e1vali kulturu t\u011bm, kte\u0159\u00ed si to mohou dovolit a nejsou zde od toho, aby se v\u011bnovali charit\u011b a benefic\u00edm pro lidi s n\u00edzk\u00fdmi p\u0159\u00edjmy.   Festival v ulic\u00edch  Jin\u00fd n\u00e1zor ov\u0161em m\u011bli na celou v\u011bc po\u0159adatel\u00e9 kultovn\u00edho ostravsk\u00e9ho festivalu Colours of Ostrava, kte\u0159\u00ed ji\u017e n\u011bkolik let provozuj\u00ed tak\u00e9 Festival v ulic\u00edch. Sv\u00e9ho \u010dasu Festival v ulic\u00edch prob\u00edhal paraleln\u011b s festivalem Colours of Ostrava, posledn\u00ed t\u0159i roky prob\u00edh\u00e1 samostatn\u011b za\u010d\u00e1tkem \u010dervence a p\u0159edstavuje vlastn\u011b takov\u00e9ho \u201ep\u0159edskokana\u201c slavn\u00e9ho festivalu.  Festival v ulic\u00edch je festival ur\u010den\u00fd pro lidi, kte\u0159\u00ed maj\u00ed, jak se \u0159\u00edk\u00e1, hluboko do kapsy. Je toti\u017e zdarma a nezaplat\u00edte v\u016fbec nic za vstupn\u00e9. V r\u00e1mci tohoto festivalu se m\u016f\u017eete t\u011b\u0161it nejen na koncerty a hudebn\u00ed produkci, ale tak\u00e9 na celou \u0159adu divadeln\u00edch a tane\u010dn\u00edch p\u0159edstaven\u00ed a tak\u00e9 r\u016fzn\u00e9 workshopy pro tvo\u0159iv\u00e9. Pro zaj\u00edmavost i v tomto p\u0159\u00edpad\u011b se jedn\u00e1 o festival s mezin\u00e1rodn\u00ed \u00fa\u010dast\u00ed.                                                                                                                                                                                                                                                                                                                                                                                                 "},{"@context":"https:\/\/schema.org\/","@type":"BreadcrumbList","itemListElement":[{"@type":"ListItem","position":1,"name":"L\u00e9to \u2013 r\u00e1j festival\u016f","item":"https:\/\/www.wanabi.cz\/leto-raj-festivalu\/#breadcrumbitem"}]}]